{"id":158,"date":"2016-08-31T08:25:20","date_gmt":"2016-08-31T06:25:20","guid":{"rendered":"http:\/\/www.tunnel-du-weissenstein.ch\/fr\/?p=158"},"modified":"2016-09-09T10:00:17","modified_gmt":"2016-09-09T08:00:17","slug":"visite-du-tunnel-a-pied","status":"publish","type":"post","link":"https:\/\/www.tunnel-du-weissenstein.ch\/fr\/visite-du-tunnel-a-pied\/","title":{"rendered":"Une occasion unique: visite du tunnel \u00e0 pied"},"content":{"rendered":"<p><strong><img decoding=\"async\" loading=\"lazy\" class=\"alignright size-full wp-image-155\" src=\"http:\/\/www.tunnel-du-weissenstein.ch\/fr\/wp-content\/uploads\/2016\/08\/tunnelwanderung-hoch.jpg\" alt=\"tunnelwanderung-hoch\" width=\"107\" height=\"304\" srcset=\"https:\/\/www.tunnel-du-weissenstein.ch\/fr\/wp-content\/uploads\/2016\/08\/tunnelwanderung-hoch.jpg 107w, https:\/\/www.tunnel-du-weissenstein.ch\/fr\/wp-content\/uploads\/2016\/08\/tunnelwanderung-hoch-106x300.jpg 106w, https:\/\/www.tunnel-du-weissenstein.ch\/fr\/wp-content\/uploads\/2016\/08\/tunnelwanderung-hoch-53x150.jpg 53w\" sizes=\"(max-width: 107px) 100vw, 107px\" \/>L\u2019opportunit\u00e9 est exclusive et unique\u00a0: dans la nuit du 16 au 17 septembre, le comit\u00e9 pour le maintien du tunnel du Weissenstein organise, en coop\u00e9ration avec BLS, une visite de ce tunnel de 3,7 km. Pour des raisons de s\u00e9curit\u00e9, seules 30 personnes int\u00e9ress\u00e9es pourront participer \u00e0 cet \u00e9v\u00e9nement. Leurs noms seront tir\u00e9s au sort. Date limite d\u2019inscription: le mardi 6 septembre.<\/strong><\/p>\n<p>Cette visite m\u00e9rite d\u00e9finitivement la qualification d\u2019unique: dans la nuit du 16 au 17 septembre, 30 personnes chanceuses auront la possibilit\u00e9 de visiter \u00e0 pied le tunnel du Weissenstein. Tout au cours de la visite, elles recevront des informations fournies par BLS (co-organisateur) et son directeur de l\u2019ing\u00e9nierie Martin Isler qui marquera l\u2019arr\u00eat \u00e0 un ou l\u2019autre endroit le plus marquant ou le plus typique. Le retour vers G\u00e4nsbrunnen \u00e0 travers le tunnel de 3,7 km s\u2019effectuera en train. Le d\u00e9part est pr\u00e9vu \u00e0 Oberdorf le vendredi 16 septembre \u00e0 23h00. Cet \u00e9v\u00e9nement unique en son genre pourrait durer jusqu\u2019\u00e0 environ 2 h du matin.<\/p>\n<p>Pour des raisons de s\u00e9curit\u00e9, le nombre de participants est limit\u00e9 \u00e0 30 personnes. Vous pouvez faire part de votre int\u00e9r\u00eat en envoyant un mail \u00e0 wandern@weissensteintunnel.ch, une seule personne accompagnante \u00e9tant autoris\u00e9e (Nom, adresse, t\u00e9l\u00e9phone). L\u2019\u00e9v\u00e9nement est gratuit, les participantes et participants doivent \u00eatre \u00e9quip\u00e9s de chaussures solides. Casques et gilets de signalisation seront fournis par BLS. La visite sera guid\u00e9e en suisse allemand. Date limite d\u2019inscription: le mardi 6 septembre \u00e0 12 h 00.<\/p>\n<p>Stefan M\u00fcller-Altermatt, pr\u00e9sident de la commune d\u2019Herbetswil, conseiller national et bien s\u00fbr pr\u00e9sident du comit\u00e9 pour le maintien du tunnel du Weissenstein participera \u00e0 la visite. Stefan M\u00fcller explique que, bien entendu, l\u2019objectif d\u2019un tel \u00e9v\u00e9nement exceptionnel est de maintenir le dialogue et d\u2019attirer l\u2019attention sur les requ\u00eates du comit\u00e9. Et de pr\u00e9ciser: \u00aben effet, le maintien du tunnel et son assainissement ne sont pas encore garantis\u00bb. Mais il s\u2019agit aussi d\u2019une opportunit\u00e9 unique de p\u00e9n\u00e9trer \u00e0 pied dans le tunnel, en plein milieu de la nuit. \u00abPersonnellement, je m\u2019en r\u00e9jouis \u00e9norm\u00e9ment et je suis impatient de d\u00e9couvrir tout ce que l\u2019on pourra me dire et me montrer.\u00bb<\/p>\n","protected":false},"excerpt":{"rendered":"<p>L\u2019opportunit\u00e9 est exclusive et unique\u00a0: dans la nuit du 16 au 17 septembre, le comit\u00e9 pour le maintien du tunnel du Weissenstein organise, en coop\u00e9ration \u2026<\/p>\n<p class=\"continue-reading-button\"> <a class=\"continue-reading-link\" href=\"https:\/\/www.tunnel-du-weissenstein.ch\/fr\/visite-du-tunnel-a-pied\/\">Plus\u2026<i class=\"crycon-right-dir\"><\/i><\/a><\/p>\n","protected":false},"author":1,"featured_media":156,"comment_status":"closed","ping_status":"closed","sticky":false,"template":"","format":"standard","meta":[],"categories":[1],"tags":[],"_links":{"self":[{"href":"https:\/\/www.tunnel-du-weissenstein.ch\/fr\/wp-json\/wp\/v2\/posts\/158"}],"collection":[{"href":"https:\/\/www.tunnel-du-weissenstein.ch\/fr\/wp-json\/wp\/v2\/posts"}],"about":[{"href":"https:\/\/www.tunnel-du-weissenstein.ch\/fr\/wp-json\/wp\/v2\/types\/post"}],"author":[{"embeddable":true,"href":"https:\/\/www.tunnel-du-weissenstein.ch\/fr\/wp-json\/wp\/v2\/users\/1"}],"replies":[{"embeddable":true,"href":"https:\/\/www.tunnel-du-weissenstein.ch\/fr\/wp-json\/wp\/v2\/comments?post=158"}],"version-history":[{"count":3,"href":"https:\/\/www.tunnel-du-weissenstein.ch\/fr\/wp-json\/wp\/v2\/posts\/158\/revisions"}],"predecessor-version":[{"id":161,"href":"https:\/\/www.tunnel-du-weissenstein.ch\/fr\/wp-json\/wp\/v2\/posts\/158\/revisions\/161"}],"wp:featuredmedia":[{"embeddable":true,"href":"https:\/\/www.tunnel-du-weissenstein.ch\/fr\/wp-json\/wp\/v2\/media\/156"}],"wp:attachment":[{"href":"https:\/\/www.tunnel-du-weissenstein.ch\/fr\/wp-json\/wp\/v2\/media?parent=158"}],"wp:term":[{"taxonomy":"category","embeddable":true,"href":"https:\/\/www.tunnel-du-weissenstein.ch\/fr\/wp-json\/wp\/v2\/categories?post=158"},{"taxonomy":"post_tag","embeddable":true,"href":"https:\/\/www.tunnel-du-weissenstein.ch\/fr\/wp-json\/wp\/v2\/tags?post=158"}],"curies":[{"name":"wp","href":"https:\/\/api.w.org\/{rel}","templated":true}]}}