{"id":163,"date":"2016-09-09T09:59:52","date_gmt":"2016-09-09T07:59:52","guid":{"rendered":"http:\/\/www.tunnel-du-weissenstein.ch\/fr\/?p=163"},"modified":"2016-10-25T14:04:49","modified_gmt":"2016-10-25T12:04:49","slug":"les-choses-bougent","status":"publish","type":"post","link":"https:\/\/www.tunnel-du-weissenstein.ch\/fr\/les-choses-bougent\/","title":{"rendered":"Les choses bougent pour le tunnel du Weissenstein"},"content":{"rendered":"<p><strong>L\u2019association \u00abFestungswerke Solothurner Jura\u00bb a \u00e9mis un signal tr\u00e8s distinct en faveur du maintien du tunnel du Weissenstein.<\/strong><\/p>\n<p><a href=\"http:\/\/www.weissensteintunnel.ch\/de\/wp-content\/uploads\/2016\/09\/2016_Feuertaufe_Pz_Kan_Tunnelbunker_Weissenstein_3.9.jpg\" rel=\"lightbox[163]\"><img decoding=\"async\" loading=\"lazy\" class=\"alignnone size-full wp-image-309\" src=\"http:\/\/www.weissensteintunnel.ch\/de\/wp-content\/uploads\/2016\/09\/2016_Feuertaufe_Pz_Kan_Tunnelbunker_Weissenstein_3.9_tn.jpg\" alt=\"2016_Feuertaufe_Pz_Kan_Tunnelbunker_Weissenstein_3.9_tn\" width=\"260\" height=\"210\" \/><\/a> <a href=\"http:\/\/www.weissensteintunnel.ch\/de\/wp-content\/uploads\/2016\/09\/2016_Weissensteintunnel_Gesamtbild_3.9.jpg\" rel=\"lightbox[163]\"><img decoding=\"async\" loading=\"lazy\" class=\"alignnone size-full wp-image-308\" src=\"http:\/\/www.weissensteintunnel.ch\/de\/wp-content\/uploads\/2016\/09\/2016_Weissensteintunnel_Gesamtbild_3.9_tn.jpg\" alt=\"2016_Weissensteintunnel_Gesamtbild_3.9_tn\" width=\"260\" height=\"210\" \/><\/a><\/p>\n<p>Le samedi 3 septembre, dans le cadre de la <a href=\"http:\/\/www.tunnel-du-weissenstein.ch\/fr\/journee-portes-ouvertes-au-bunker-de-gansbrunnen\/\">\u00abJourn\u00e9e portes ouvertes au bunker\u00bb<\/a> de G\u00e4nsbrunnen, l\u2019association \u00abFestungswerke Solothurner Jura\u00bb a fait retentir pour la premi\u00e8re fois un canon de char. Pr\u00e8s de 300 personnes ont particip\u00e9 \u00e0 la manifestation pacifique organis\u00e9e en faveur du maintien du tunnel du Weissenstein.<\/p>\n<p><a href=\"http:\/\/www.weissensteintunnel.ch\/de\/wp-content\/uploads\/2016\/09\/2016_Kurt-Fluri_Weissensteintunnel_3.9.jpg\" rel=\"lightbox[163]\"><img decoding=\"async\" loading=\"lazy\" class=\"alignnone size-full wp-image-312\" src=\"http:\/\/www.weissensteintunnel.ch\/de\/wp-content\/uploads\/2016\/09\/2016_Kurt-Fluri_Weissensteintunnel_3.9_tn.jpg\" alt=\"Kurt Fluri\" width=\"260\" height=\"210\" \/><\/a> <a href=\"http:\/\/www.weissensteintunnel.ch\/de\/wp-content\/uploads\/2016\/09\/2016_Stefan-Mueller-Altermatt_Weissensteintunnel_3.9.jpg\" rel=\"lightbox[163]\"><img decoding=\"async\" loading=\"lazy\" class=\"alignnone wp-image-325 size-full\" src=\"http:\/\/www.weissensteintunnel.ch\/de\/wp-content\/uploads\/2016\/09\/2016_Stefan-Mueller-Altermatt_Weissensteintunnel_3.9.tn_.jpg\" alt=\"Stefan M\u00fcller-Altermatt\" width=\"260\" height=\"210\" \/><\/a><\/p>\n<p>Les portes de l\u2019enceinte du bunker autour de la gare de G\u00e4nsbrunnen sont rest\u00e9es ouvertes samedi dernier de 14 \u00e0 16 heures. Pr\u00e8s de 300 personnes int\u00e9ress\u00e9es ont pu visiter les installations gratuitement. Ensuite s\u2019est d\u00e9roul\u00e9e sur le site de la gare une manifestation pacifique avec saucisses \u00e0 r\u00f4tir, bi\u00e8re et musique de la soci\u00e9t\u00e9 musicale d\u2019Herbetswil en faveur du maintien du tunnel du Weissenstein. Les deux Conseillers nationaux Kurt Fluri et Stefan M\u00fcller-Altermatt, \u00e9galement pr\u00e9sident du comit\u00e9 \u00abpour le maintien du tunnel du Weissenstein\u00bb, ont fait un discours.<\/p>\n<p><a href=\"http:\/\/www.weissensteintunnel.ch\/de\/wp-content\/uploads\/2016\/09\/2016_Urban-Fink_Weissensteintunnel_3.9.jpg\" rel=\"lightbox[163]\"><img decoding=\"async\" loading=\"lazy\" class=\"alignnone wp-image-310 size-full\" src=\"http:\/\/www.weissensteintunnel.ch\/de\/wp-content\/uploads\/2016\/09\/2016_Urban-Fink_Weissensteintunnel_3.9_tn.jpg\" alt=\"Urban Fink\" width=\"260\" height=\"210\" \/><\/a><\/p>\n<p>C\u2019est le pr\u00e9sident de l\u2019association \u00abFestungswerke Solothurner Jura\u00bb, Urban Fink, qui a prononc\u00e9 le mot de la fin. R\u00e9sum\u00e9 des expos\u00e9s: la meilleure solution pour sauver le tunnel du Weissenstein est de l\u2019utiliser de mani\u00e8re \u00e0 faire augmenter les chiffres de la fr\u00e9quentation. Sous la devise \u00abNous d\u00e9fendons le tunnel du Weissenstein\u00bb, l\u2019association a fait retentir pour la premi\u00e8re fois un canon de char, et \u00e9mis ainsi un signal clair et distinct en faveur du maintien du tunnel du Weissenstein.<\/p>\n","protected":false},"excerpt":{"rendered":"<p>L\u2019association \u00abFestungswerke Solothurner Jura\u00bb a \u00e9mis un signal tr\u00e8s distinct en faveur du maintien du tunnel du Weissenstein. Le samedi 3 septembre, dans le cadre \u2026<\/p>\n<p class=\"continue-reading-button\"> <a class=\"continue-reading-link\" href=\"https:\/\/www.tunnel-du-weissenstein.ch\/fr\/les-choses-bougent\/\">Plus\u2026<i class=\"crycon-right-dir\"><\/i><\/a><\/p>\n","protected":false},"author":1,"featured_media":165,"comment_status":"closed","ping_status":"closed","sticky":false,"template":"","format":"standard","meta":[],"categories":[1],"tags":[],"_links":{"self":[{"href":"https:\/\/www.tunnel-du-weissenstein.ch\/fr\/wp-json\/wp\/v2\/posts\/163"}],"collection":[{"href":"https:\/\/www.tunnel-du-weissenstein.ch\/fr\/wp-json\/wp\/v2\/posts"}],"about":[{"href":"https:\/\/www.tunnel-du-weissenstein.ch\/fr\/wp-json\/wp\/v2\/types\/post"}],"author":[{"embeddable":true,"href":"https:\/\/www.tunnel-du-weissenstein.ch\/fr\/wp-json\/wp\/v2\/users\/1"}],"replies":[{"embeddable":true,"href":"https:\/\/www.tunnel-du-weissenstein.ch\/fr\/wp-json\/wp\/v2\/comments?post=163"}],"version-history":[{"count":2,"href":"https:\/\/www.tunnel-du-weissenstein.ch\/fr\/wp-json\/wp\/v2\/posts\/163\/revisions"}],"predecessor-version":[{"id":166,"href":"https:\/\/www.tunnel-du-weissenstein.ch\/fr\/wp-json\/wp\/v2\/posts\/163\/revisions\/166"}],"wp:featuredmedia":[{"embeddable":true,"href":"https:\/\/www.tunnel-du-weissenstein.ch\/fr\/wp-json\/wp\/v2\/media\/165"}],"wp:attachment":[{"href":"https:\/\/www.tunnel-du-weissenstein.ch\/fr\/wp-json\/wp\/v2\/media?parent=163"}],"wp:term":[{"taxonomy":"category","embeddable":true,"href":"https:\/\/www.tunnel-du-weissenstein.ch\/fr\/wp-json\/wp\/v2\/categories?post=163"},{"taxonomy":"post_tag","embeddable":true,"href":"https:\/\/www.tunnel-du-weissenstein.ch\/fr\/wp-json\/wp\/v2\/tags?post=163"}],"curies":[{"name":"wp","href":"https:\/\/api.w.org\/{rel}","templated":true}]}}