{"id":167,"date":"2016-09-09T10:03:35","date_gmt":"2016-09-09T08:03:35","guid":{"rendered":"http:\/\/www.tunnel-du-weissenstein.ch\/fr\/?p=167"},"modified":"2016-09-26T08:22:30","modified_gmt":"2016-09-26T06:22:30","slug":"30-chanceux-vont-traverser-le-tunnel","status":"publish","type":"post","link":"https:\/\/www.tunnel-du-weissenstein.ch\/fr\/30-chanceux-vont-traverser-le-tunnel\/","title":{"rendered":"30 chanceux vont traverser le tunnel"},"content":{"rendered":"<p><img decoding=\"async\" loading=\"lazy\" class=\"alignright size-full wp-image-155\" src=\"http:\/\/www.tunnel-du-weissenstein.ch\/fr\/wp-content\/uploads\/2016\/08\/tunnelwanderung-hoch.jpg\" alt=\"tunnelwanderung-hoch\" width=\"107\" height=\"304\" srcset=\"https:\/\/www.tunnel-du-weissenstein.ch\/fr\/wp-content\/uploads\/2016\/08\/tunnelwanderung-hoch.jpg 107w, https:\/\/www.tunnel-du-weissenstein.ch\/fr\/wp-content\/uploads\/2016\/08\/tunnelwanderung-hoch-106x300.jpg 106w, https:\/\/www.tunnel-du-weissenstein.ch\/fr\/wp-content\/uploads\/2016\/08\/tunnelwanderung-hoch-53x150.jpg 53w\" sizes=\"(max-width: 107px) 100vw, 107px\" \/>L\u2019occasion est exclusive et unique: dans la nuit du 16 au 17 septembre, le comit\u00e9 \u00abpour le maintien du tunnel du Weissenstein\u00bb organise avec la soci\u00e9t\u00e9 BLS SA une <a href=\"http:\/\/www.tunnel-du-weissenstein.ch\/fr\/visite-du-tunnel-a-pied\/\">travers\u00e9e du tunnel<\/a> long de 3,7 kilom\u00e8tres. Et l\u2019int\u00e9r\u00eat pour cette balade d\u2019un genre particulier et dont le nombre de participants est limit\u00e9 \u00e0 30 pour des raisons de s\u00e9curit\u00e9, est grand: au moment de la cl\u00f4ture des inscriptions le 6 septembre (\u00e0 midi), environ 80 personnes avaient demand\u00e9 une place au sein du groupe de promeneurs \u2013 les organisateurs auraient donc pu largement organiser la manifestation trois fois. Les heureux \u00e9lus tir\u00e9s au sort ont d\u00e9j\u00e0 \u00e9t\u00e9 inform\u00e9s.<\/p>\n<p>Les promeneurs obtiendront des informations en chemin par la soci\u00e9t\u00e9 co-organisatrice BLS et son directeur du G\u00e9nie civil, Martin Isler, qui s\u2019arr\u00eatera sur des points marquants et significatifs. Le retour depuis G\u00e4nsbrunnen \u00e0 travers le tunnel long de 3,7 kilom\u00e8tres s\u2019effectuera en train. Stefan M\u00fcller-Altermatt, pr\u00e9sident du comit\u00e9 \u00abpour le maintien du tunnel du Weissenstein\u00bb, sera \u00e9galement du voyage. \u00abJe me r\u00e9jouis \u00e0 l\u2019id\u00e9e de cette opportunit\u00e9 unique et de traverser le tunnel \u00e0 pied, en pleine nuit, et je suis impatient d\u2019entendre et de voir tout ce qui nous attend\u00bb, dit-il.<\/p>\n","protected":false},"excerpt":{"rendered":"<p>L\u2019occasion est exclusive et unique: dans la nuit du 16 au 17 septembre, le comit\u00e9 \u00abpour le maintien du tunnel du Weissenstein\u00bb organise avec la \u2026<\/p>\n<p class=\"continue-reading-button\"> <a class=\"continue-reading-link\" href=\"https:\/\/www.tunnel-du-weissenstein.ch\/fr\/30-chanceux-vont-traverser-le-tunnel\/\">Plus\u2026<i class=\"crycon-right-dir\"><\/i><\/a><\/p>\n","protected":false},"author":1,"featured_media":156,"comment_status":"closed","ping_status":"closed","sticky":false,"template":"","format":"standard","meta":[],"categories":[1],"tags":[],"_links":{"self":[{"href":"https:\/\/www.tunnel-du-weissenstein.ch\/fr\/wp-json\/wp\/v2\/posts\/167"}],"collection":[{"href":"https:\/\/www.tunnel-du-weissenstein.ch\/fr\/wp-json\/wp\/v2\/posts"}],"about":[{"href":"https:\/\/www.tunnel-du-weissenstein.ch\/fr\/wp-json\/wp\/v2\/types\/post"}],"author":[{"embeddable":true,"href":"https:\/\/www.tunnel-du-weissenstein.ch\/fr\/wp-json\/wp\/v2\/users\/1"}],"replies":[{"embeddable":true,"href":"https:\/\/www.tunnel-du-weissenstein.ch\/fr\/wp-json\/wp\/v2\/comments?post=167"}],"version-history":[{"count":2,"href":"https:\/\/www.tunnel-du-weissenstein.ch\/fr\/wp-json\/wp\/v2\/posts\/167\/revisions"}],"predecessor-version":[{"id":169,"href":"https:\/\/www.tunnel-du-weissenstein.ch\/fr\/wp-json\/wp\/v2\/posts\/167\/revisions\/169"}],"wp:featuredmedia":[{"embeddable":true,"href":"https:\/\/www.tunnel-du-weissenstein.ch\/fr\/wp-json\/wp\/v2\/media\/156"}],"wp:attachment":[{"href":"https:\/\/www.tunnel-du-weissenstein.ch\/fr\/wp-json\/wp\/v2\/media?parent=167"}],"wp:term":[{"taxonomy":"category","embeddable":true,"href":"https:\/\/www.tunnel-du-weissenstein.ch\/fr\/wp-json\/wp\/v2\/categories?post=167"},{"taxonomy":"post_tag","embeddable":true,"href":"https:\/\/www.tunnel-du-weissenstein.ch\/fr\/wp-json\/wp\/v2\/tags?post=167"}],"curies":[{"name":"wp","href":"https:\/\/api.w.org\/{rel}","templated":true}]}}